{"id":3439,"date":"2015-03-23T11:32:19","date_gmt":"2015-03-23T10:32:19","guid":{"rendered":"http:\/\/www.mabru.be\/?p=3439"},"modified":"2015-03-23T11:32:59","modified_gmt":"2015-03-23T10:32:59","slug":"nieuwe-start-voor-de-cash-carry-maconal-food","status":"publish","type":"post","link":"https:\/\/www.mabru.be\/nl\/nieuwe-start-voor-de-cash-carry-maconal-food\/","title":{"rendered":"Nieuwe start voor de Cash and Carry Maconal Food"},"content":{"rendered":"<p>Sinds 5 maart 2015 heeft de Cash &amp; Carry Maconal Food, gevestigd op de Vroegmarkt van Brussel, een nieuwe start genomen.<!--more-->Het magazijn heeft een overnemer gevonden in de persoon van Johan Goossens, die nu de nieuwe eigenaar van de Cash &amp; Carry is.<\/p>\n<p>De firma Maconal Food, sinds m\u00e9\u00e9r dan 35 jaar gevestigd op de site van de Vroegmarkt, bezet momenteel m\u00e9\u00e9r dan 2000m<sup>2<\/sup> verkoopruimte in de hal G van de markt, de hal waar men aanverwante producten terugvindt, zoals vlees, wild, gevogelte, vis, zuivelproducten, enz.<\/p>\n<p>Maconal Food bestaat sinds 1957 en biedt vandaag een breed gamma van producten aan, waaronder droge en verse voeding, diepvriesproducten, dranken (water, limonades, bieren, sterke drank, wijnen), confiserie en rookwaren.<\/p>\n<p>Open van 4u30 tot 16u van dinsdag tot en met zaterdag, van 8u tot 16u op maandag, staat de Cash &amp; Carry bekend voor zijn sterk assortiment specifiek gericht naar de Horeca, de nachtwinkels en de kleinere voedingszaken (buurtwinkels).<\/p>\n<p>Samen met enkele werknemers zal Johan Goossens de relance van Maconal Food verder ondersteunen: \u201c<i>Onze klanten zullen opnieuw alle koopwaar in overvloed vinden bij Maconal Food: dezelfde producten, dezelfde prijzen, zelfde promoties en op dezelfde plaats op de rekken en tijdens dezelfde openingsuren. Maconal Food kan zich nu ten volle concentreren op haar klanten en de omzetgroei.<\/i>\u201d<\/p>\n<p>De directeur Laurent Nys en de voorzitter Michel Barnstijn van de vzw Mabru verwelkomen deze overname:\u00a0 <em>\u201cMaconal Food kan opnieuw ten volle onze klanten bedienen. Wij steunen de inspanningen van de nieuwe directie van Maconal Food die het bedrijf een nieuwe boost willen geven en wensen veel geluk toe aan de nieuwe manager.\u201d<\/em><\/p>\n","protected":false},"excerpt":{"rendered":"<p>Sinds 5 maart 2015 heeft de Cash &amp; Carry Maconal Food, gevestigd op de Vroegmarkt van Brussel, een nieuwe start [&hellip;]<\/p>\n","protected":false},"author":8,"featured_media":3432,"comment_status":"open","ping_status":"open","sticky":false,"template":"","format":"standard","meta":{"_acf_changed":false,"footnotes":""},"categories":[25],"tags":[],"class_list":["post-3439","post","type-post","status-publish","format-standard","has-post-thumbnail","hentry","category-nieuws"],"acf":[],"yoast_head":"<!-- This site is optimized with the Yoast SEO plugin v27.4 - https:\/\/yoast.com\/product\/yoast-seo-wordpress\/ -->\n<title>Nieuwe start voor de Cash and Carry Maconal Food - Mabru<\/title>\n<meta name=\"robots\" content=\"index, follow, max-snippet:-1, max-image-preview:large, max-video-preview:-1\" \/>\n<link rel=\"canonical\" href=\"https:\/\/www.mabru.be\/nl\/nieuwe-start-voor-de-cash-carry-maconal-food\/\" \/>\n<meta property=\"og:locale\" content=\"nl_NL\" \/>\n<meta property=\"og:type\" content=\"article\" \/>\n<meta property=\"og:title\" content=\"Nieuwe start voor de Cash and Carry Maconal Food - Mabru\" \/>\n<meta property=\"og:description\" content=\"Sinds 5 maart 2015 heeft de Cash &amp; Carry Maconal Food, gevestigd op de Vroegmarkt van Brussel, een nieuwe start [&hellip;]\" \/>\n<meta property=\"og:url\" content=\"https:\/\/www.mabru.be\/nl\/nieuwe-start-voor-de-cash-carry-maconal-food\/\" \/>\n<meta property=\"og:site_name\" content=\"Mabru\" \/>\n<meta property=\"article:published_time\" content=\"2015-03-23T10:32:19+00:00\" \/>\n<meta property=\"article:modified_time\" content=\"2015-03-23T10:32:59+00:00\" \/>\n<meta property=\"og:image\" content=\"https:\/\/www.mabru.be\/wp-content\/uploads\/2015\/03\/Maconal-Food.jpg\" \/>\n\t<meta property=\"og:image:width\" content=\"770\" \/>\n\t<meta property=\"og:image:height\" content=\"330\" \/>\n\t<meta property=\"og:image:type\" content=\"image\/jpeg\" \/>\n<meta name=\"author\" content=\"Mabru\" \/>\n<meta name=\"twitter:label1\" content=\"Geschreven door\" \/>\n\t<meta name=\"twitter:data1\" content=\"Mabru\" \/>\n\t<meta name=\"twitter:label2\" content=\"Geschatte leestijd\" \/>\n\t<meta name=\"twitter:data2\" content=\"1 minute\" \/>\n<script type=\"application\/ld+json\" class=\"yoast-schema-graph\">{\"@context\":\"https:\\\/\\\/schema.org\",\"@graph\":[{\"@type\":\"Article\",\"@id\":\"https:\\\/\\\/www.mabru.be\\\/nl\\\/nieuwe-start-voor-de-cash-carry-maconal-food\\\/#article\",\"isPartOf\":{\"@id\":\"https:\\\/\\\/www.mabru.be\\\/nl\\\/nieuwe-start-voor-de-cash-carry-maconal-food\\\/\"},\"author\":{\"name\":\"Mabru\",\"@id\":\"https:\\\/\\\/www.mabru.be\\\/#\\\/schema\\\/person\\\/8ca9245796fe6607ec1b6f65dd3eb112\"},\"headline\":\"Nieuwe start voor de Cash and Carry Maconal Food\",\"datePublished\":\"2015-03-23T10:32:19+00:00\",\"dateModified\":\"2015-03-23T10:32:59+00:00\",\"mainEntityOfPage\":{\"@id\":\"https:\\\/\\\/www.mabru.be\\\/nl\\\/nieuwe-start-voor-de-cash-carry-maconal-food\\\/\"},\"wordCount\":273,\"commentCount\":0,\"image\":{\"@id\":\"https:\\\/\\\/www.mabru.be\\\/nl\\\/nieuwe-start-voor-de-cash-carry-maconal-food\\\/#primaryimage\"},\"thumbnailUrl\":\"https:\\\/\\\/www.mabru.be\\\/wp-content\\\/uploads\\\/2015\\\/03\\\/Maconal-Food.jpg\",\"articleSection\":[\"Nieuws\"],\"inLanguage\":\"nl-NL\",\"potentialAction\":[{\"@type\":\"CommentAction\",\"name\":\"Comment\",\"target\":[\"https:\\\/\\\/www.mabru.be\\\/nl\\\/nieuwe-start-voor-de-cash-carry-maconal-food\\\/#respond\"]}]},{\"@type\":\"WebPage\",\"@id\":\"https:\\\/\\\/www.mabru.be\\\/nl\\\/nieuwe-start-voor-de-cash-carry-maconal-food\\\/\",\"url\":\"https:\\\/\\\/www.mabru.be\\\/nl\\\/nieuwe-start-voor-de-cash-carry-maconal-food\\\/\",\"name\":\"Nieuwe start voor de Cash and Carry Maconal Food - Mabru\",\"isPartOf\":{\"@id\":\"https:\\\/\\\/www.mabru.be\\\/#website\"},\"primaryImageOfPage\":{\"@id\":\"https:\\\/\\\/www.mabru.be\\\/nl\\\/nieuwe-start-voor-de-cash-carry-maconal-food\\\/#primaryimage\"},\"image\":{\"@id\":\"https:\\\/\\\/www.mabru.be\\\/nl\\\/nieuwe-start-voor-de-cash-carry-maconal-food\\\/#primaryimage\"},\"thumbnailUrl\":\"https:\\\/\\\/www.mabru.be\\\/wp-content\\\/uploads\\\/2015\\\/03\\\/Maconal-Food.jpg\",\"datePublished\":\"2015-03-23T10:32:19+00:00\",\"dateModified\":\"2015-03-23T10:32:59+00:00\",\"author\":{\"@id\":\"https:\\\/\\\/www.mabru.be\\\/#\\\/schema\\\/person\\\/8ca9245796fe6607ec1b6f65dd3eb112\"},\"breadcrumb\":{\"@id\":\"https:\\\/\\\/www.mabru.be\\\/nl\\\/nieuwe-start-voor-de-cash-carry-maconal-food\\\/#breadcrumb\"},\"inLanguage\":\"nl-NL\",\"potentialAction\":[{\"@type\":\"ReadAction\",\"target\":[\"https:\\\/\\\/www.mabru.be\\\/nl\\\/nieuwe-start-voor-de-cash-carry-maconal-food\\\/\"]}]},{\"@type\":\"ImageObject\",\"inLanguage\":\"nl-NL\",\"@id\":\"https:\\\/\\\/www.mabru.be\\\/nl\\\/nieuwe-start-voor-de-cash-carry-maconal-food\\\/#primaryimage\",\"url\":\"https:\\\/\\\/www.mabru.be\\\/wp-content\\\/uploads\\\/2015\\\/03\\\/Maconal-Food.jpg\",\"contentUrl\":\"https:\\\/\\\/www.mabru.be\\\/wp-content\\\/uploads\\\/2015\\\/03\\\/Maconal-Food.jpg\",\"width\":770,\"height\":330},{\"@type\":\"BreadcrumbList\",\"@id\":\"https:\\\/\\\/www.mabru.be\\\/nl\\\/nieuwe-start-voor-de-cash-carry-maconal-food\\\/#breadcrumb\",\"itemListElement\":[{\"@type\":\"ListItem\",\"position\":1,\"name\":\"Accueil\",\"item\":\"https:\\\/\\\/www.mabru.be\\\/nl\\\/\"},{\"@type\":\"ListItem\",\"position\":2,\"name\":\"Nieuwe start voor de Cash and Carry Maconal Food\"}]},{\"@type\":\"WebSite\",\"@id\":\"https:\\\/\\\/www.mabru.be\\\/#website\",\"url\":\"https:\\\/\\\/www.mabru.be\\\/\",\"name\":\"Mabru\",\"description\":\"March\u00e9 Matinal de Bruxelles\",\"potentialAction\":[{\"@type\":\"SearchAction\",\"target\":{\"@type\":\"EntryPoint\",\"urlTemplate\":\"https:\\\/\\\/www.mabru.be\\\/?s={search_term_string}\"},\"query-input\":{\"@type\":\"PropertyValueSpecification\",\"valueRequired\":true,\"valueName\":\"search_term_string\"}}],\"inLanguage\":\"nl-NL\"},{\"@type\":\"Person\",\"@id\":\"https:\\\/\\\/www.mabru.be\\\/#\\\/schema\\\/person\\\/8ca9245796fe6607ec1b6f65dd3eb112\",\"name\":\"Mabru\",\"image\":{\"@type\":\"ImageObject\",\"inLanguage\":\"nl-NL\",\"@id\":\"https:\\\/\\\/secure.gravatar.com\\\/avatar\\\/fb61f537cd9f6b4f3cbccd053e56b1a32ea36aab7a0ea956efd182ac05c4c7de?s=96&d=mm&r=g\",\"url\":\"https:\\\/\\\/secure.gravatar.com\\\/avatar\\\/fb61f537cd9f6b4f3cbccd053e56b1a32ea36aab7a0ea956efd182ac05c4c7de?s=96&d=mm&r=g\",\"contentUrl\":\"https:\\\/\\\/secure.gravatar.com\\\/avatar\\\/fb61f537cd9f6b4f3cbccd053e56b1a32ea36aab7a0ea956efd182ac05c4c7de?s=96&d=mm&r=g\",\"caption\":\"Mabru\"},\"url\":\"https:\\\/\\\/www.mabru.be\\\/nl\\\/author\\\/editeurmabru\\\/\"}]}<\/script>\n<!-- \/ Yoast SEO plugin. -->","yoast_head_json":{"title":"Nieuwe start voor de Cash and Carry Maconal Food - Mabru","robots":{"index":"index","follow":"follow","max-snippet":"max-snippet:-1","max-image-preview":"max-image-preview:large","max-video-preview":"max-video-preview:-1"},"canonical":"https:\/\/www.mabru.be\/nl\/nieuwe-start-voor-de-cash-carry-maconal-food\/","og_locale":"nl_NL","og_type":"article","og_title":"Nieuwe start voor de Cash and Carry Maconal Food - Mabru","og_description":"Sinds 5 maart 2015 heeft de Cash &amp; Carry Maconal Food, gevestigd op de Vroegmarkt van Brussel, een nieuwe start [&hellip;]","og_url":"https:\/\/www.mabru.be\/nl\/nieuwe-start-voor-de-cash-carry-maconal-food\/","og_site_name":"Mabru","article_published_time":"2015-03-23T10:32:19+00:00","article_modified_time":"2015-03-23T10:32:59+00:00","og_image":[{"width":770,"height":330,"url":"https:\/\/www.mabru.be\/wp-content\/uploads\/2015\/03\/Maconal-Food.jpg","type":"image\/jpeg"}],"author":"Mabru","twitter_misc":{"Geschreven door":"Mabru","Geschatte leestijd":"1 minute"},"schema":{"@context":"https:\/\/schema.org","@graph":[{"@type":"Article","@id":"https:\/\/www.mabru.be\/nl\/nieuwe-start-voor-de-cash-carry-maconal-food\/#article","isPartOf":{"@id":"https:\/\/www.mabru.be\/nl\/nieuwe-start-voor-de-cash-carry-maconal-food\/"},"author":{"name":"Mabru","@id":"https:\/\/www.mabru.be\/#\/schema\/person\/8ca9245796fe6607ec1b6f65dd3eb112"},"headline":"Nieuwe start voor de Cash and Carry Maconal Food","datePublished":"2015-03-23T10:32:19+00:00","dateModified":"2015-03-23T10:32:59+00:00","mainEntityOfPage":{"@id":"https:\/\/www.mabru.be\/nl\/nieuwe-start-voor-de-cash-carry-maconal-food\/"},"wordCount":273,"commentCount":0,"image":{"@id":"https:\/\/www.mabru.be\/nl\/nieuwe-start-voor-de-cash-carry-maconal-food\/#primaryimage"},"thumbnailUrl":"https:\/\/www.mabru.be\/wp-content\/uploads\/2015\/03\/Maconal-Food.jpg","articleSection":["Nieuws"],"inLanguage":"nl-NL","potentialAction":[{"@type":"CommentAction","name":"Comment","target":["https:\/\/www.mabru.be\/nl\/nieuwe-start-voor-de-cash-carry-maconal-food\/#respond"]}]},{"@type":"WebPage","@id":"https:\/\/www.mabru.be\/nl\/nieuwe-start-voor-de-cash-carry-maconal-food\/","url":"https:\/\/www.mabru.be\/nl\/nieuwe-start-voor-de-cash-carry-maconal-food\/","name":"Nieuwe start voor de Cash and Carry Maconal Food - Mabru","isPartOf":{"@id":"https:\/\/www.mabru.be\/#website"},"primaryImageOfPage":{"@id":"https:\/\/www.mabru.be\/nl\/nieuwe-start-voor-de-cash-carry-maconal-food\/#primaryimage"},"image":{"@id":"https:\/\/www.mabru.be\/nl\/nieuwe-start-voor-de-cash-carry-maconal-food\/#primaryimage"},"thumbnailUrl":"https:\/\/www.mabru.be\/wp-content\/uploads\/2015\/03\/Maconal-Food.jpg","datePublished":"2015-03-23T10:32:19+00:00","dateModified":"2015-03-23T10:32:59+00:00","author":{"@id":"https:\/\/www.mabru.be\/#\/schema\/person\/8ca9245796fe6607ec1b6f65dd3eb112"},"breadcrumb":{"@id":"https:\/\/www.mabru.be\/nl\/nieuwe-start-voor-de-cash-carry-maconal-food\/#breadcrumb"},"inLanguage":"nl-NL","potentialAction":[{"@type":"ReadAction","target":["https:\/\/www.mabru.be\/nl\/nieuwe-start-voor-de-cash-carry-maconal-food\/"]}]},{"@type":"ImageObject","inLanguage":"nl-NL","@id":"https:\/\/www.mabru.be\/nl\/nieuwe-start-voor-de-cash-carry-maconal-food\/#primaryimage","url":"https:\/\/www.mabru.be\/wp-content\/uploads\/2015\/03\/Maconal-Food.jpg","contentUrl":"https:\/\/www.mabru.be\/wp-content\/uploads\/2015\/03\/Maconal-Food.jpg","width":770,"height":330},{"@type":"BreadcrumbList","@id":"https:\/\/www.mabru.be\/nl\/nieuwe-start-voor-de-cash-carry-maconal-food\/#breadcrumb","itemListElement":[{"@type":"ListItem","position":1,"name":"Accueil","item":"https:\/\/www.mabru.be\/nl\/"},{"@type":"ListItem","position":2,"name":"Nieuwe start voor de Cash and Carry Maconal Food"}]},{"@type":"WebSite","@id":"https:\/\/www.mabru.be\/#website","url":"https:\/\/www.mabru.be\/","name":"Mabru","description":"March\u00e9 Matinal de Bruxelles","potentialAction":[{"@type":"SearchAction","target":{"@type":"EntryPoint","urlTemplate":"https:\/\/www.mabru.be\/?s={search_term_string}"},"query-input":{"@type":"PropertyValueSpecification","valueRequired":true,"valueName":"search_term_string"}}],"inLanguage":"nl-NL"},{"@type":"Person","@id":"https:\/\/www.mabru.be\/#\/schema\/person\/8ca9245796fe6607ec1b6f65dd3eb112","name":"Mabru","image":{"@type":"ImageObject","inLanguage":"nl-NL","@id":"https:\/\/secure.gravatar.com\/avatar\/fb61f537cd9f6b4f3cbccd053e56b1a32ea36aab7a0ea956efd182ac05c4c7de?s=96&d=mm&r=g","url":"https:\/\/secure.gravatar.com\/avatar\/fb61f537cd9f6b4f3cbccd053e56b1a32ea36aab7a0ea956efd182ac05c4c7de?s=96&d=mm&r=g","contentUrl":"https:\/\/secure.gravatar.com\/avatar\/fb61f537cd9f6b4f3cbccd053e56b1a32ea36aab7a0ea956efd182ac05c4c7de?s=96&d=mm&r=g","caption":"Mabru"},"url":"https:\/\/www.mabru.be\/nl\/author\/editeurmabru\/"}]}},"_links":{"self":[{"href":"https:\/\/www.mabru.be\/nl\/wp-json\/wp\/v2\/posts\/3439","targetHints":{"allow":["GET"]}}],"collection":[{"href":"https:\/\/www.mabru.be\/nl\/wp-json\/wp\/v2\/posts"}],"about":[{"href":"https:\/\/www.mabru.be\/nl\/wp-json\/wp\/v2\/types\/post"}],"author":[{"embeddable":true,"href":"https:\/\/www.mabru.be\/nl\/wp-json\/wp\/v2\/users\/8"}],"replies":[{"embeddable":true,"href":"https:\/\/www.mabru.be\/nl\/wp-json\/wp\/v2\/comments?post=3439"}],"version-history":[{"count":0,"href":"https:\/\/www.mabru.be\/nl\/wp-json\/wp\/v2\/posts\/3439\/revisions"}],"wp:featuredmedia":[{"embeddable":true,"href":"https:\/\/www.mabru.be\/nl\/wp-json\/wp\/v2\/media\/3432"}],"wp:attachment":[{"href":"https:\/\/www.mabru.be\/nl\/wp-json\/wp\/v2\/media?parent=3439"}],"wp:term":[{"taxonomy":"category","embeddable":true,"href":"https:\/\/www.mabru.be\/nl\/wp-json\/wp\/v2\/categories?post=3439"},{"taxonomy":"post_tag","embeddable":true,"href":"https:\/\/www.mabru.be\/nl\/wp-json\/wp\/v2\/tags?post=3439"}],"curies":[{"name":"wp","href":"https:\/\/api.w.org\/{rel}","templated":true}]}}