{"id":3319,"date":"2014-10-30T10:43:37","date_gmt":"2014-10-30T09:43:37","guid":{"rendered":"http:\/\/www.mabru.be\/?p=3319"},"modified":"2014-10-30T10:43:37","modified_gmt":"2014-10-30T09:43:37","slug":"breng-ons-een-bezoek-op-horeca-expo","status":"publish","type":"post","link":"https:\/\/www.mabru.be\/nl\/breng-ons-een-bezoek-op-horeca-expo\/","title":{"rendered":"BRENG ONS EEN BEZOEK OP HORECA EXPO"},"content":{"rendered":"<p>Van zondag 23 tot en met donderdag 27 november e.k., neemt de vzw Mabru zoals elk jaar deel aan Horeca Expo, de professionele vakbeurs bij uitstek van de horecasector in Belgi\u00eb.<!--more--><\/p>\n<p>Deze beurs vindt plaats in Flanders Expo te Gent en trekt elk jaar m\u00e9\u00e9r dan 60.000 bezoekers gedurende de 5 beursdagen. Er zijn m\u00e9\u00e9r dan 650 exposanten, uit de sectoren van voeding, decoratie, textiel, hygi\u00ebne. Het salon Horeca Expo is dan ook \u00a0een uitstekende gelegenheid voor de Vroegmarkt van Brussel om haar activiteiten, maar vooral haar verkopers te laten ontdekken door de professionelen van de Belgische Horeca.<\/p>\n<p><b>WANNEER &amp; WAAR<\/b><br \/>\n23-27 november 2014<br \/>\nVan 10u30 \u2013 19u<br \/>\n(behalve op donderdag 27 november: tot 17u)<br \/>\nFlanders Expo, Gent<\/p>\n<p>Voor meer inlichtingen over het salon, surf naar <a title=\"Horeca Expo\" href=\"http:\/\/www.horecaexpo.be\" target=\"_blank\">www.horecaexpo.be<\/a>.<\/p>\n<p>Breng ons een bezoek op de stand Mabru n\u00b08425 in hal 8.<\/p>\n","protected":false},"excerpt":{"rendered":"<p>Van zondag 23 tot en met donderdag 27 november e.k., neemt de vzw Mabru zoals elk jaar deel aan Horeca [&hellip;]<\/p>\n","protected":false},"author":8,"featured_media":3314,"comment_status":"open","ping_status":"open","sticky":false,"template":"","format":"standard","meta":{"_acf_changed":false,"footnotes":""},"categories":[25],"tags":[],"class_list":["post-3319","post","type-post","status-publish","format-standard","has-post-thumbnail","hentry","category-nieuws"],"acf":[],"yoast_head":"<!-- This site is optimized with the Yoast SEO plugin v27.4 - https:\/\/yoast.com\/product\/yoast-seo-wordpress\/ -->\n<title>BRENG ONS EEN BEZOEK OP HORECA EXPO - Mabru<\/title>\n<meta name=\"robots\" content=\"index, follow, max-snippet:-1, max-image-preview:large, max-video-preview:-1\" \/>\n<link rel=\"canonical\" href=\"https:\/\/www.mabru.be\/nl\/breng-ons-een-bezoek-op-horeca-expo\/\" \/>\n<meta property=\"og:locale\" content=\"nl_NL\" \/>\n<meta property=\"og:type\" content=\"article\" \/>\n<meta property=\"og:title\" content=\"BRENG ONS EEN BEZOEK OP HORECA EXPO - Mabru\" \/>\n<meta property=\"og:description\" content=\"Van zondag 23 tot en met donderdag 27 november e.k., neemt de vzw Mabru zoals elk jaar deel aan Horeca [&hellip;]\" \/>\n<meta property=\"og:url\" content=\"https:\/\/www.mabru.be\/nl\/breng-ons-een-bezoek-op-horeca-expo\/\" \/>\n<meta property=\"og:site_name\" content=\"Mabru\" \/>\n<meta property=\"article:published_time\" content=\"2014-10-30T09:43:37+00:00\" \/>\n<meta property=\"og:image\" content=\"https:\/\/www.mabru.be\/wp-content\/uploads\/2014\/10\/Horeca-Expo-2014.jpg\" \/>\n\t<meta property=\"og:image:width\" content=\"770\" \/>\n\t<meta property=\"og:image:height\" content=\"330\" \/>\n\t<meta property=\"og:image:type\" content=\"image\/jpeg\" \/>\n<meta name=\"author\" content=\"Mabru\" \/>\n<meta name=\"twitter:label1\" content=\"Geschreven door\" \/>\n\t<meta name=\"twitter:data1\" content=\"Mabru\" \/>\n\t<meta name=\"twitter:label2\" content=\"Geschatte leestijd\" \/>\n\t<meta name=\"twitter:data2\" content=\"1 minute\" \/>\n<script type=\"application\/ld+json\" class=\"yoast-schema-graph\">{\"@context\":\"https:\\\/\\\/schema.org\",\"@graph\":[{\"@type\":\"Article\",\"@id\":\"https:\\\/\\\/www.mabru.be\\\/nl\\\/breng-ons-een-bezoek-op-horeca-expo\\\/#article\",\"isPartOf\":{\"@id\":\"https:\\\/\\\/www.mabru.be\\\/nl\\\/breng-ons-een-bezoek-op-horeca-expo\\\/\"},\"author\":{\"name\":\"Mabru\",\"@id\":\"https:\\\/\\\/www.mabru.be\\\/#\\\/schema\\\/person\\\/8ca9245796fe6607ec1b6f65dd3eb112\"},\"headline\":\"BRENG ONS EEN BEZOEK OP HORECA EXPO\",\"datePublished\":\"2014-10-30T09:43:37+00:00\",\"mainEntityOfPage\":{\"@id\":\"https:\\\/\\\/www.mabru.be\\\/nl\\\/breng-ons-een-bezoek-op-horeca-expo\\\/\"},\"wordCount\":143,\"commentCount\":0,\"image\":{\"@id\":\"https:\\\/\\\/www.mabru.be\\\/nl\\\/breng-ons-een-bezoek-op-horeca-expo\\\/#primaryimage\"},\"thumbnailUrl\":\"https:\\\/\\\/www.mabru.be\\\/wp-content\\\/uploads\\\/2014\\\/10\\\/Horeca-Expo-2014.jpg\",\"articleSection\":[\"Nieuws\"],\"inLanguage\":\"nl-NL\",\"potentialAction\":[{\"@type\":\"CommentAction\",\"name\":\"Comment\",\"target\":[\"https:\\\/\\\/www.mabru.be\\\/nl\\\/breng-ons-een-bezoek-op-horeca-expo\\\/#respond\"]}]},{\"@type\":\"WebPage\",\"@id\":\"https:\\\/\\\/www.mabru.be\\\/nl\\\/breng-ons-een-bezoek-op-horeca-expo\\\/\",\"url\":\"https:\\\/\\\/www.mabru.be\\\/nl\\\/breng-ons-een-bezoek-op-horeca-expo\\\/\",\"name\":\"BRENG ONS EEN BEZOEK OP HORECA EXPO - Mabru\",\"isPartOf\":{\"@id\":\"https:\\\/\\\/www.mabru.be\\\/#website\"},\"primaryImageOfPage\":{\"@id\":\"https:\\\/\\\/www.mabru.be\\\/nl\\\/breng-ons-een-bezoek-op-horeca-expo\\\/#primaryimage\"},\"image\":{\"@id\":\"https:\\\/\\\/www.mabru.be\\\/nl\\\/breng-ons-een-bezoek-op-horeca-expo\\\/#primaryimage\"},\"thumbnailUrl\":\"https:\\\/\\\/www.mabru.be\\\/wp-content\\\/uploads\\\/2014\\\/10\\\/Horeca-Expo-2014.jpg\",\"datePublished\":\"2014-10-30T09:43:37+00:00\",\"author\":{\"@id\":\"https:\\\/\\\/www.mabru.be\\\/#\\\/schema\\\/person\\\/8ca9245796fe6607ec1b6f65dd3eb112\"},\"breadcrumb\":{\"@id\":\"https:\\\/\\\/www.mabru.be\\\/nl\\\/breng-ons-een-bezoek-op-horeca-expo\\\/#breadcrumb\"},\"inLanguage\":\"nl-NL\",\"potentialAction\":[{\"@type\":\"ReadAction\",\"target\":[\"https:\\\/\\\/www.mabru.be\\\/nl\\\/breng-ons-een-bezoek-op-horeca-expo\\\/\"]}]},{\"@type\":\"ImageObject\",\"inLanguage\":\"nl-NL\",\"@id\":\"https:\\\/\\\/www.mabru.be\\\/nl\\\/breng-ons-een-bezoek-op-horeca-expo\\\/#primaryimage\",\"url\":\"https:\\\/\\\/www.mabru.be\\\/wp-content\\\/uploads\\\/2014\\\/10\\\/Horeca-Expo-2014.jpg\",\"contentUrl\":\"https:\\\/\\\/www.mabru.be\\\/wp-content\\\/uploads\\\/2014\\\/10\\\/Horeca-Expo-2014.jpg\",\"width\":770,\"height\":330},{\"@type\":\"BreadcrumbList\",\"@id\":\"https:\\\/\\\/www.mabru.be\\\/nl\\\/breng-ons-een-bezoek-op-horeca-expo\\\/#breadcrumb\",\"itemListElement\":[{\"@type\":\"ListItem\",\"position\":1,\"name\":\"Accueil\",\"item\":\"https:\\\/\\\/www.mabru.be\\\/nl\\\/\"},{\"@type\":\"ListItem\",\"position\":2,\"name\":\"BRENG ONS EEN BEZOEK OP HORECA EXPO\"}]},{\"@type\":\"WebSite\",\"@id\":\"https:\\\/\\\/www.mabru.be\\\/#website\",\"url\":\"https:\\\/\\\/www.mabru.be\\\/\",\"name\":\"Mabru\",\"description\":\"March\u00e9 Matinal de Bruxelles\",\"potentialAction\":[{\"@type\":\"SearchAction\",\"target\":{\"@type\":\"EntryPoint\",\"urlTemplate\":\"https:\\\/\\\/www.mabru.be\\\/?s={search_term_string}\"},\"query-input\":{\"@type\":\"PropertyValueSpecification\",\"valueRequired\":true,\"valueName\":\"search_term_string\"}}],\"inLanguage\":\"nl-NL\"},{\"@type\":\"Person\",\"@id\":\"https:\\\/\\\/www.mabru.be\\\/#\\\/schema\\\/person\\\/8ca9245796fe6607ec1b6f65dd3eb112\",\"name\":\"Mabru\",\"image\":{\"@type\":\"ImageObject\",\"inLanguage\":\"nl-NL\",\"@id\":\"https:\\\/\\\/secure.gravatar.com\\\/avatar\\\/fb61f537cd9f6b4f3cbccd053e56b1a32ea36aab7a0ea956efd182ac05c4c7de?s=96&d=mm&r=g\",\"url\":\"https:\\\/\\\/secure.gravatar.com\\\/avatar\\\/fb61f537cd9f6b4f3cbccd053e56b1a32ea36aab7a0ea956efd182ac05c4c7de?s=96&d=mm&r=g\",\"contentUrl\":\"https:\\\/\\\/secure.gravatar.com\\\/avatar\\\/fb61f537cd9f6b4f3cbccd053e56b1a32ea36aab7a0ea956efd182ac05c4c7de?s=96&d=mm&r=g\",\"caption\":\"Mabru\"},\"url\":\"https:\\\/\\\/www.mabru.be\\\/nl\\\/author\\\/editeurmabru\\\/\"}]}<\/script>\n<!-- \/ Yoast SEO plugin. -->","yoast_head_json":{"title":"BRENG ONS EEN BEZOEK OP HORECA EXPO - Mabru","robots":{"index":"index","follow":"follow","max-snippet":"max-snippet:-1","max-image-preview":"max-image-preview:large","max-video-preview":"max-video-preview:-1"},"canonical":"https:\/\/www.mabru.be\/nl\/breng-ons-een-bezoek-op-horeca-expo\/","og_locale":"nl_NL","og_type":"article","og_title":"BRENG ONS EEN BEZOEK OP HORECA EXPO - Mabru","og_description":"Van zondag 23 tot en met donderdag 27 november e.k., neemt de vzw Mabru zoals elk jaar deel aan Horeca [&hellip;]","og_url":"https:\/\/www.mabru.be\/nl\/breng-ons-een-bezoek-op-horeca-expo\/","og_site_name":"Mabru","article_published_time":"2014-10-30T09:43:37+00:00","og_image":[{"width":770,"height":330,"url":"https:\/\/www.mabru.be\/wp-content\/uploads\/2014\/10\/Horeca-Expo-2014.jpg","type":"image\/jpeg"}],"author":"Mabru","twitter_misc":{"Geschreven door":"Mabru","Geschatte leestijd":"1 minute"},"schema":{"@context":"https:\/\/schema.org","@graph":[{"@type":"Article","@id":"https:\/\/www.mabru.be\/nl\/breng-ons-een-bezoek-op-horeca-expo\/#article","isPartOf":{"@id":"https:\/\/www.mabru.be\/nl\/breng-ons-een-bezoek-op-horeca-expo\/"},"author":{"name":"Mabru","@id":"https:\/\/www.mabru.be\/#\/schema\/person\/8ca9245796fe6607ec1b6f65dd3eb112"},"headline":"BRENG ONS EEN BEZOEK OP HORECA EXPO","datePublished":"2014-10-30T09:43:37+00:00","mainEntityOfPage":{"@id":"https:\/\/www.mabru.be\/nl\/breng-ons-een-bezoek-op-horeca-expo\/"},"wordCount":143,"commentCount":0,"image":{"@id":"https:\/\/www.mabru.be\/nl\/breng-ons-een-bezoek-op-horeca-expo\/#primaryimage"},"thumbnailUrl":"https:\/\/www.mabru.be\/wp-content\/uploads\/2014\/10\/Horeca-Expo-2014.jpg","articleSection":["Nieuws"],"inLanguage":"nl-NL","potentialAction":[{"@type":"CommentAction","name":"Comment","target":["https:\/\/www.mabru.be\/nl\/breng-ons-een-bezoek-op-horeca-expo\/#respond"]}]},{"@type":"WebPage","@id":"https:\/\/www.mabru.be\/nl\/breng-ons-een-bezoek-op-horeca-expo\/","url":"https:\/\/www.mabru.be\/nl\/breng-ons-een-bezoek-op-horeca-expo\/","name":"BRENG ONS EEN BEZOEK OP HORECA EXPO - Mabru","isPartOf":{"@id":"https:\/\/www.mabru.be\/#website"},"primaryImageOfPage":{"@id":"https:\/\/www.mabru.be\/nl\/breng-ons-een-bezoek-op-horeca-expo\/#primaryimage"},"image":{"@id":"https:\/\/www.mabru.be\/nl\/breng-ons-een-bezoek-op-horeca-expo\/#primaryimage"},"thumbnailUrl":"https:\/\/www.mabru.be\/wp-content\/uploads\/2014\/10\/Horeca-Expo-2014.jpg","datePublished":"2014-10-30T09:43:37+00:00","author":{"@id":"https:\/\/www.mabru.be\/#\/schema\/person\/8ca9245796fe6607ec1b6f65dd3eb112"},"breadcrumb":{"@id":"https:\/\/www.mabru.be\/nl\/breng-ons-een-bezoek-op-horeca-expo\/#breadcrumb"},"inLanguage":"nl-NL","potentialAction":[{"@type":"ReadAction","target":["https:\/\/www.mabru.be\/nl\/breng-ons-een-bezoek-op-horeca-expo\/"]}]},{"@type":"ImageObject","inLanguage":"nl-NL","@id":"https:\/\/www.mabru.be\/nl\/breng-ons-een-bezoek-op-horeca-expo\/#primaryimage","url":"https:\/\/www.mabru.be\/wp-content\/uploads\/2014\/10\/Horeca-Expo-2014.jpg","contentUrl":"https:\/\/www.mabru.be\/wp-content\/uploads\/2014\/10\/Horeca-Expo-2014.jpg","width":770,"height":330},{"@type":"BreadcrumbList","@id":"https:\/\/www.mabru.be\/nl\/breng-ons-een-bezoek-op-horeca-expo\/#breadcrumb","itemListElement":[{"@type":"ListItem","position":1,"name":"Accueil","item":"https:\/\/www.mabru.be\/nl\/"},{"@type":"ListItem","position":2,"name":"BRENG ONS EEN BEZOEK OP HORECA EXPO"}]},{"@type":"WebSite","@id":"https:\/\/www.mabru.be\/#website","url":"https:\/\/www.mabru.be\/","name":"Mabru","description":"March\u00e9 Matinal de Bruxelles","potentialAction":[{"@type":"SearchAction","target":{"@type":"EntryPoint","urlTemplate":"https:\/\/www.mabru.be\/?s={search_term_string}"},"query-input":{"@type":"PropertyValueSpecification","valueRequired":true,"valueName":"search_term_string"}}],"inLanguage":"nl-NL"},{"@type":"Person","@id":"https:\/\/www.mabru.be\/#\/schema\/person\/8ca9245796fe6607ec1b6f65dd3eb112","name":"Mabru","image":{"@type":"ImageObject","inLanguage":"nl-NL","@id":"https:\/\/secure.gravatar.com\/avatar\/fb61f537cd9f6b4f3cbccd053e56b1a32ea36aab7a0ea956efd182ac05c4c7de?s=96&d=mm&r=g","url":"https:\/\/secure.gravatar.com\/avatar\/fb61f537cd9f6b4f3cbccd053e56b1a32ea36aab7a0ea956efd182ac05c4c7de?s=96&d=mm&r=g","contentUrl":"https:\/\/secure.gravatar.com\/avatar\/fb61f537cd9f6b4f3cbccd053e56b1a32ea36aab7a0ea956efd182ac05c4c7de?s=96&d=mm&r=g","caption":"Mabru"},"url":"https:\/\/www.mabru.be\/nl\/author\/editeurmabru\/"}]}},"_links":{"self":[{"href":"https:\/\/www.mabru.be\/nl\/wp-json\/wp\/v2\/posts\/3319","targetHints":{"allow":["GET"]}}],"collection":[{"href":"https:\/\/www.mabru.be\/nl\/wp-json\/wp\/v2\/posts"}],"about":[{"href":"https:\/\/www.mabru.be\/nl\/wp-json\/wp\/v2\/types\/post"}],"author":[{"embeddable":true,"href":"https:\/\/www.mabru.be\/nl\/wp-json\/wp\/v2\/users\/8"}],"replies":[{"embeddable":true,"href":"https:\/\/www.mabru.be\/nl\/wp-json\/wp\/v2\/comments?post=3319"}],"version-history":[{"count":0,"href":"https:\/\/www.mabru.be\/nl\/wp-json\/wp\/v2\/posts\/3319\/revisions"}],"wp:featuredmedia":[{"embeddable":true,"href":"https:\/\/www.mabru.be\/nl\/wp-json\/wp\/v2\/media\/3314"}],"wp:attachment":[{"href":"https:\/\/www.mabru.be\/nl\/wp-json\/wp\/v2\/media?parent=3319"}],"wp:term":[{"taxonomy":"category","embeddable":true,"href":"https:\/\/www.mabru.be\/nl\/wp-json\/wp\/v2\/categories?post=3319"},{"taxonomy":"post_tag","embeddable":true,"href":"https:\/\/www.mabru.be\/nl\/wp-json\/wp\/v2\/tags?post=3319"}],"curies":[{"name":"wp","href":"https:\/\/api.w.org\/{rel}","templated":true}]}}